{"id":1,"date":"2020-09-20T20:00:15","date_gmt":"2020-09-20T18:00:15","guid":{"rendered":"http:\/\/decouverteautorisee.fr\/?p=1"},"modified":"2022-02-25T15:03:55","modified_gmt":"2022-02-25T14:03:55","slug":"journees-europeennes-du-patrimoine","status":"publish","type":"post","link":"https:\/\/decouverteautorisee.fr\/?p=1","title":{"rendered":"Le ch\u00e2teau de Montr\u00e9al \u00e0 Issac."},"content":{"rendered":"\n<p>Pour les journ\u00e9es europ\u00e9ennes du patrimoine, organis\u00e9es cette ann\u00e9e les 19 et 20 septembre 2020, malheureusement \u00e9t\u00e9 annul\u00e9es sur Bordeaux et sa m\u00e9tropole.<\/p>\n\n\n\n<p>Du coup il fallait s&rsquo;\u00e9loigner un peu pour visiter, et mon choix c&rsquo;est port\u00e9 sur le P\u00e9rigord et le ch\u00e2teau de Montr\u00e9al \u00e0 Issac.<\/p>\n\n\n\n<p>Le ch\u00e2teau se trouve \u00e0 quelques kilom\u00e8tres de Mussidan, l\u2019acc\u00e8s est facile depuis Bordeaux en prenant l&rsquo;A89. Class\u00e9 aux monuments historiques depuis 1993, il se visite l&rsquo;\u00e9t\u00e9, pour les journ\u00e9es du patrimoine ou sur r\u00e9servation pour les groupes le reste de l&rsquo;ann\u00e9e.<\/p>\n\n\n\n<p>Ancienne place forte depuis le XIIe si\u00e8cle, il est entour\u00e9 de remparts m\u00e9di\u00e9vaux des XIIIe et XIVe si\u00e8cle. <\/p>\n\n\n\n<figure class=\"wp-block-image size-large is-resized\"><img loading=\"lazy\" decoding=\"async\" src=\"https:\/\/decouverteautorisee.fr\/wp-content\/uploads\/2020\/08\/IMG_20200803_103937-768x1024.jpg\" alt=\"Portail\" class=\"wp-image-97\" width=\"384\" height=\"512\" srcset=\"https:\/\/decouverteautorisee.fr\/wp-content\/uploads\/2020\/08\/IMG_20200803_103937-768x1024.jpg 768w, https:\/\/decouverteautorisee.fr\/wp-content\/uploads\/2020\/08\/IMG_20200803_103937-225x300.jpg 225w, https:\/\/decouverteautorisee.fr\/wp-content\/uploads\/2020\/08\/IMG_20200803_103937-1152x1536.jpg 1152w, https:\/\/decouverteautorisee.fr\/wp-content\/uploads\/2020\/08\/IMG_20200803_103937-1536x2048.jpg 1536w, https:\/\/decouverteautorisee.fr\/wp-content\/uploads\/2020\/08\/IMG_20200803_103937-1200x1600.jpg 1200w, https:\/\/decouverteautorisee.fr\/wp-content\/uploads\/2020\/08\/IMG_20200803_103937-1980x2640.jpg 1980w, https:\/\/decouverteautorisee.fr\/wp-content\/uploads\/2020\/08\/IMG_20200803_103937-scaled.jpg 1920w\" sizes=\"auto, (max-width: 384px) 100vw, 384px\" \/><figcaption>Portail. Ch\u00e2teau de Montr\u00e9al \u00e0 Issac.<\/figcaption><\/figure>\n\n\n\n<p>Le ch\u00e2teau a \u00e9t\u00e9 \u00e9lev\u00e9 en  1530 dans le style de la premi\u00e8re Renaissance. On peut visiter trois salons au rez de chauss\u00e9e et une biblioth\u00e8que dans la tour.<\/p>\n\n\n\n<figure class=\"wp-block-image size-large is-resized\"><img loading=\"lazy\" decoding=\"async\" src=\"https:\/\/decouverteautorisee.fr\/wp-content\/uploads\/2020\/08\/IMG_20200827_115238-1024x768.jpg\" alt=\"ch\u00e2teau de Montreal\" class=\"wp-image-98\" width=\"512\" height=\"384\" srcset=\"https:\/\/decouverteautorisee.fr\/wp-content\/uploads\/2020\/08\/IMG_20200827_115238-1024x768.jpg 1024w, https:\/\/decouverteautorisee.fr\/wp-content\/uploads\/2020\/08\/IMG_20200827_115238-300x225.jpg 300w, https:\/\/decouverteautorisee.fr\/wp-content\/uploads\/2020\/08\/IMG_20200827_115238-768x576.jpg 768w, https:\/\/decouverteautorisee.fr\/wp-content\/uploads\/2020\/08\/IMG_20200827_115238-1536x1152.jpg 1536w, https:\/\/decouverteautorisee.fr\/wp-content\/uploads\/2020\/08\/IMG_20200827_115238-2048x1536.jpg 2048w, https:\/\/decouverteautorisee.fr\/wp-content\/uploads\/2020\/08\/IMG_20200827_115238-1200x900.jpg 1200w, https:\/\/decouverteautorisee.fr\/wp-content\/uploads\/2020\/08\/IMG_20200827_115238-1980x1485.jpg 1980w\" sizes=\"auto, (max-width: 512px) 100vw, 512px\" \/><figcaption>Ch\u00e2teau de Montr\u00e9al \u00e0 Issac.<\/figcaption><\/figure>\n\n\n\n<p>La biblioth\u00e8que est mon gros coup de c\u0153ur. Elle contient environ 3000 ouvrages. La collection a \u00e9t\u00e9 rassembl\u00e9e au XIXe si\u00e8cle.<\/p>\n\n\n\n<figure class=\"wp-block-image size-large is-resized\"><img loading=\"lazy\" decoding=\"async\" src=\"https:\/\/decouverteautorisee.fr\/wp-content\/uploads\/2020\/08\/IMG_20200827_115932-768x1024.jpg\" alt=\"La biblioth\u00e8que\" class=\"wp-image-99\" width=\"384\" height=\"512\" srcset=\"https:\/\/decouverteautorisee.fr\/wp-content\/uploads\/2020\/08\/IMG_20200827_115932-768x1024.jpg 768w, https:\/\/decouverteautorisee.fr\/wp-content\/uploads\/2020\/08\/IMG_20200827_115932-225x300.jpg 225w, https:\/\/decouverteautorisee.fr\/wp-content\/uploads\/2020\/08\/IMG_20200827_115932-1152x1536.jpg 1152w, https:\/\/decouverteautorisee.fr\/wp-content\/uploads\/2020\/08\/IMG_20200827_115932-1536x2048.jpg 1536w, https:\/\/decouverteautorisee.fr\/wp-content\/uploads\/2020\/08\/IMG_20200827_115932-1200x1600.jpg 1200w, https:\/\/decouverteautorisee.fr\/wp-content\/uploads\/2020\/08\/IMG_20200827_115932-1980x2640.jpg 1980w, https:\/\/decouverteautorisee.fr\/wp-content\/uploads\/2020\/08\/IMG_20200827_115932-scaled.jpg 1920w\" sizes=\"auto, (max-width: 384px) 100vw, 384px\" \/><figcaption>La biblioth\u00e8que.Ch\u00e2teau de Montr\u00e9al \u00e0 Issac.<\/figcaption><\/figure>\n\n\n\n<p>Sous le ch\u00e2teau se trouve une salle souterraine, donnant acc\u00e8s \u00e0 un puits et \u00e0 une grotte naturelle. La voute en arc bris\u00e9 de l&rsquo;escalier est magnifique.<\/p>\n\n\n\n<figure class=\"wp-block-image size-large is-resized\"><img loading=\"lazy\" decoding=\"async\" src=\"https:\/\/decouverteautorisee.fr\/wp-content\/uploads\/2020\/08\/IMG_20200827_153757-768x1024.jpg\" alt=\"L'escalier des souterrains\" class=\"wp-image-100\" width=\"384\" height=\"512\" srcset=\"https:\/\/decouverteautorisee.fr\/wp-content\/uploads\/2020\/08\/IMG_20200827_153757-768x1024.jpg 768w, https:\/\/decouverteautorisee.fr\/wp-content\/uploads\/2020\/08\/IMG_20200827_153757-225x300.jpg 225w, https:\/\/decouverteautorisee.fr\/wp-content\/uploads\/2020\/08\/IMG_20200827_153757-1152x1536.jpg 1152w, https:\/\/decouverteautorisee.fr\/wp-content\/uploads\/2020\/08\/IMG_20200827_153757-1536x2048.jpg 1536w, https:\/\/decouverteautorisee.fr\/wp-content\/uploads\/2020\/08\/IMG_20200827_153757-1200x1600.jpg 1200w, https:\/\/decouverteautorisee.fr\/wp-content\/uploads\/2020\/08\/IMG_20200827_153757-1980x2640.jpg 1980w, https:\/\/decouverteautorisee.fr\/wp-content\/uploads\/2020\/08\/IMG_20200827_153757-scaled.jpg 1920w\" sizes=\"auto, (max-width: 384px) 100vw, 384px\" \/><figcaption>L&rsquo;escalier des souterrains. Ch\u00e2teau de Montr\u00e9al \u00e0 Issac.<\/figcaption><\/figure>\n\n\n\n<p>Lors de la visite on peut voir trois jardins (m\u00e9di\u00e9val, italien et fran\u00e7ais). Les jardins ont le label \u00ab\u00a0jardin remarquable\u00a0\u00bb du minist\u00e8re de la culture.<\/p>\n\n\n\n<p>Dernier \u00e9l\u00e9ment remarquable, la chapelle de la Sainte \u00c9pine. Am\u00e9nag\u00e9e en 1520 dans un ancien corps de garde elle accueille une relique sacr\u00e9e. L&rsquo;\u00e9pine de la couronne du christ a \u00e9t\u00e9 r\u00e9cup\u00e9r\u00e9 lors de la bataille de Castillon en 1453 .<\/p>\n\n\n\n<figure class=\"wp-block-image size-large is-resized\"><img loading=\"lazy\" decoding=\"async\" src=\"https:\/\/decouverteautorisee.fr\/wp-content\/uploads\/2020\/08\/IMG_20200828_101419-768x1024.jpg\" alt=\"La chapelle\" class=\"wp-image-96\" width=\"384\" height=\"512\" srcset=\"https:\/\/decouverteautorisee.fr\/wp-content\/uploads\/2020\/08\/IMG_20200828_101419-768x1024.jpg 768w, https:\/\/decouverteautorisee.fr\/wp-content\/uploads\/2020\/08\/IMG_20200828_101419-225x300.jpg 225w, https:\/\/decouverteautorisee.fr\/wp-content\/uploads\/2020\/08\/IMG_20200828_101419-1152x1536.jpg 1152w, https:\/\/decouverteautorisee.fr\/wp-content\/uploads\/2020\/08\/IMG_20200828_101419-1536x2048.jpg 1536w, https:\/\/decouverteautorisee.fr\/wp-content\/uploads\/2020\/08\/IMG_20200828_101419-1200x1600.jpg 1200w, https:\/\/decouverteautorisee.fr\/wp-content\/uploads\/2020\/08\/IMG_20200828_101419-1980x2640.jpg 1980w, https:\/\/decouverteautorisee.fr\/wp-content\/uploads\/2020\/08\/IMG_20200828_101419-scaled.jpg 1920w\" sizes=\"auto, (max-width: 384px) 100vw, 384px\" \/><figcaption>La chapelle.Ch\u00e2teau de Montr\u00e9al \u00e0 Issac.<\/figcaption><\/figure>\n\n\n\n<p>Bref, tr\u00e8s belle visite. Un lieu charg\u00e9 d&rsquo;histoire que je vous invite \u00e0 d\u00e9couvrir.<\/p>\n\n\n\n<p>Les visites se d\u00e9roulent en juillet et en aout et lors des journ\u00e9es europ\u00e9ennes du patrimoine, ou sur r\u00e9servation pour les groupes.<\/p>\n","protected":false},"excerpt":{"rendered":"<p>Pour les journ\u00e9es europ\u00e9ennes du patrimoine, organis\u00e9es cette ann\u00e9e les 19 et 20 septembre 2020, malheureusement \u00e9t\u00e9 annul\u00e9es sur Bordeaux et sa m\u00e9tropole. Du coup il fallait s&rsquo;\u00e9loigner un peu pour visiter, et mon choix c&rsquo;est port\u00e9 sur le P\u00e9rigord et le ch\u00e2teau de Montr\u00e9al \u00e0 Issac. Le ch\u00e2teau se trouve \u00e0 quelques kilom\u00e8tres de [&hellip;]<\/p>\n","protected":false},"author":1,"featured_media":97,"comment_status":"open","ping_status":"open","sticky":false,"template":"","format":"standard","meta":{"footnotes":""},"categories":[2],"tags":[11,9,5,6,12,13,7,10,8],"class_list":["post-1","post","type-post","status-publish","format-standard","has-post-thumbnail","hentry","category-visites","tag-chapelle","tag-chateau","tag-chateau-de-montreal","tag-dordogne","tag-grotte","tag-jardins","tag-perigord","tag-renaissance","tag-tourisme"],"_links":{"self":[{"href":"https:\/\/decouverteautorisee.fr\/index.php?rest_route=\/wp\/v2\/posts\/1","targetHints":{"allow":["GET"]}}],"collection":[{"href":"https:\/\/decouverteautorisee.fr\/index.php?rest_route=\/wp\/v2\/posts"}],"about":[{"href":"https:\/\/decouverteautorisee.fr\/index.php?rest_route=\/wp\/v2\/types\/post"}],"author":[{"embeddable":true,"href":"https:\/\/decouverteautorisee.fr\/index.php?rest_route=\/wp\/v2\/users\/1"}],"replies":[{"embeddable":true,"href":"https:\/\/decouverteautorisee.fr\/index.php?rest_route=%2Fwp%2Fv2%2Fcomments&post=1"}],"version-history":[{"count":6,"href":"https:\/\/decouverteautorisee.fr\/index.php?rest_route=\/wp\/v2\/posts\/1\/revisions"}],"predecessor-version":[{"id":150,"href":"https:\/\/decouverteautorisee.fr\/index.php?rest_route=\/wp\/v2\/posts\/1\/revisions\/150"}],"wp:featuredmedia":[{"embeddable":true,"href":"https:\/\/decouverteautorisee.fr\/index.php?rest_route=\/wp\/v2\/media\/97"}],"wp:attachment":[{"href":"https:\/\/decouverteautorisee.fr\/index.php?rest_route=%2Fwp%2Fv2%2Fmedia&parent=1"}],"wp:term":[{"taxonomy":"category","embeddable":true,"href":"https:\/\/decouverteautorisee.fr\/index.php?rest_route=%2Fwp%2Fv2%2Fcategories&post=1"},{"taxonomy":"post_tag","embeddable":true,"href":"https:\/\/decouverteautorisee.fr\/index.php?rest_route=%2Fwp%2Fv2%2Ftags&post=1"}],"curies":[{"name":"wp","href":"https:\/\/api.w.org\/{rel}","templated":true}]}}